{"id":469,"date":"2020-09-12T11:09:18","date_gmt":"2020-09-12T09:09:18","guid":{"rendered":"http:\/\/www.adastra.com.hr\/?p=469"},"modified":"2020-09-12T11:14:12","modified_gmt":"2020-09-12T09:14:12","slug":"adastra-i-matija-dedic-u-novoj-pjesmi-zrno-malo","status":"publish","type":"post","link":"https:\/\/www.adastra.com.hr\/index.php\/2020\/09\/12\/adastra-i-matija-dedic-u-novoj-pjesmi-zrno-malo\/","title":{"rendered":"Adastra i Matija Dedi\u0107 u novoj pjesmi Zrno malo"},"content":{"rendered":"\n<figure class=\"wp-block-embed-youtube wp-block-embed is-type-video is-provider-youtube wp-embed-aspect-16-9 wp-has-aspect-ratio\"><div class=\"wp-block-embed__wrapper\">\n<span class=\"embed-youtube\" style=\"text-align:center; display: block;\"><iframe loading=\"lazy\" class=\"youtube-player\" width=\"920\" height=\"518\" src=\"https:\/\/www.youtube.com\/embed\/XB_gDs3zBfQ?version=3&#038;rel=1&#038;showsearch=0&#038;showinfo=1&#038;iv_load_policy=1&#038;fs=1&#038;hl=hr&#038;autohide=2&#038;wmode=transparent\" allowfullscreen=\"true\" style=\"border:0;\" sandbox=\"allow-scripts allow-same-origin allow-popups allow-presentation allow-popups-to-escape-sandbox\"><\/iframe><\/span>\n<\/div><\/figure>\n\n\n\n<p class=\"wp-block-paragraph\">Sino\u0107 je Adastra objavila novu pjesmu i spot Zrno malo u suradnji s Matijom Dedi\u0107em. Stihove pjesme napisao je poznati hrvatski pjesnik \u017deljko Krznari\u0107 koji ka\u017ee: \u201cPjesma je nastala iz \u010distog mira dok je Bog posipao rije\u010di po meni, a ja sam ih kasnije samo malo oblikovao\u201d. Autor glazbe i aran\u017emana Jeronim Mari\u0107, pozvao je na\u0161eg vrhunskog pijanistu Matiju Dedi\u0107a da pjesmu obogati svojim notama. Pjesma je tako\u0111er stvorila novo prijateljstvo i suradnju izme\u0111u Matije Dedi\u0107a i Adastre. Tema pjesme je \u010dovjekovo krhko postojanje i svjesnost da smo mi svi samo zrna mala u ogromnom svemiru koji nas okru\u017euje. Tako\u0111er je ova pjesma poziv ljudima da se u ovim te\u0161kim vremenima najbolje okrenuti duhovnosti, otkri\u0107u ljudskih vrijednosti i vrlina koji su jedini i istinski izvori sre\u0107e i psihi\u010dkog mira. Spot je tako\u0111er re\u017eirao I montirao Jeronim Mari\u0107. Adastra Zahvaljuje vrhunskoj filmskoj ekipi na suradnji I odli\u010dnom poslu.Tako\u0111er se zahvaljujemo Graditeljskoj tehni\u010dkoj \u0161koli u Zagrebu \u0161to nam je posudila kino dvoranu u kojoj je snimljen spot. Kamera 1: Bruno Zlomisli\u0107 Kamera 2: Antonio Pai\u0107 Kamera 3: Ana Lon\u010dari\u0107 Kamera 4 i asistent redatelja: Matija \u010dulig \u0160minka i asistencija: Jasminka Sari\u0107 Adastra su: Jeronim Mari\u0107 (vokal), Ivan Pu\u017e (bubnjevi) i Armando Filipi (bas gitara) <a href=\"https:\/\/www.youtube.com\/results?search_query=%23zrnomalo\">#zrnomalo<\/a> <a href=\"https:\/\/www.youtube.com\/results?search_query=%23adastra\">#adastra<\/a> <a href=\"https:\/\/www.youtube.com\/results?search_query=%23matijadedic\">#matijadedic<\/a> <a href=\"https:\/\/www.youtube.com\/results?search_query=%23novispot\">#novispot<\/a> <a href=\"https:\/\/www.youtube.com\/results?search_query=%23duhovne\">#duhovne<\/a><\/p>\n\n\n\n<figure class=\"wp-block-gallery columns-2 is-cropped wp-block-gallery-1 is-layout-flex wp-block-gallery-is-layout-flex\"><ul class=\"blocks-gallery-grid\"><li class=\"blocks-gallery-item\"><figure><img alt=\"\" loading=\"lazy\" decoding=\"async\" width=\"2000\" height=\"1125\" data-attachment-id=\"470\" data-permalink=\"https:\/\/www.adastra.com.hr\/index.php\/2020\/09\/12\/adastra-i-matija-dedic-u-novoj-pjesmi-zrno-malo\/adastra-feat-matija-dedic-zrno-malo-mastering-00_00_50_10-still005-1\/\" data-orig-file=\"https:\/\/i0.wp.com\/www.adastra.com.hr\/wp-content\/uploads\/2020\/09\/ADASTRA-FEAT.-MATIJA-DEDIC-ZRNO-MALO-MASTERING.00_00_50_10.Still005-1.jpg?fit=2000%2C1125&amp;ssl=1\" data-orig-size=\"2000,1125\" data-comments-opened=\"1\" data-image-meta=\"{&quot;aperture&quot;:&quot;0&quot;,&quot;credit&quot;:&quot;&quot;,&quot;camera&quot;:&quot;&quot;,&quot;caption&quot;:&quot;&quot;,&quot;created_timestamp&quot;:&quot;0&quot;,&quot;copyright&quot;:&quot;&quot;,&quot;focal_length&quot;:&quot;0&quot;,&quot;iso&quot;:&quot;0&quot;,&quot;shutter_speed&quot;:&quot;0&quot;,&quot;title&quot;:&quot;&quot;,&quot;orientation&quot;:&quot;1&quot;}\" data-image-title=\"ADASTRA-FEAT.-MATIJA-DEDIC-ZRNO-MALO-MASTERING.00_00_50_10.Still005-1\" data-image-description=\"\" data-image-caption=\"\" data-large-file=\"https:\/\/i0.wp.com\/www.adastra.com.hr\/wp-content\/uploads\/2020\/09\/ADASTRA-FEAT.-MATIJA-DEDIC-ZRNO-MALO-MASTERING.00_00_50_10.Still005-1.jpg?fit=920%2C518&amp;ssl=1\" src=\"https:\/\/i0.wp.com\/www.adastra.com.hr\/wp-content\/uploads\/2020\/09\/ADASTRA-FEAT.-MATIJA-DEDIC-ZRNO-MALO-MASTERING.00_00_50_10.Still005-1.jpg?fit=920%2C518\" alt=\"\" data-id=\"470\" data-full-url=\"https:\/\/i0.wp.com\/www.adastra.com.hr\/wp-content\/uploads\/2020\/09\/ADASTRA-FEAT.-MATIJA-DEDIC-ZRNO-MALO-MASTERING.00_00_50_10.Still005-1.jpg?fit=2000%2C1125\" data-link=\"https:\/\/www.adastra.com.hr\/?attachment_id=470\" class=\"wp-image-470\" srcset=\"https:\/\/i0.wp.com\/www.adastra.com.hr\/wp-content\/uploads\/2020\/09\/ADASTRA-FEAT.-MATIJA-DEDIC-ZRNO-MALO-MASTERING.00_00_50_10.Still005-1.jpg?w=2000&amp;ssl=1 2000w, https:\/\/i0.wp.com\/www.adastra.com.hr\/wp-content\/uploads\/2020\/09\/ADASTRA-FEAT.-MATIJA-DEDIC-ZRNO-MALO-MASTERING.00_00_50_10.Still005-1.jpg?resize=300%2C169&amp;ssl=1 300w, https:\/\/i0.wp.com\/www.adastra.com.hr\/wp-content\/uploads\/2020\/09\/ADASTRA-FEAT.-MATIJA-DEDIC-ZRNO-MALO-MASTERING.00_00_50_10.Still005-1.jpg?resize=1024%2C576&amp;ssl=1 1024w, https:\/\/i0.wp.com\/www.adastra.com.hr\/wp-content\/uploads\/2020\/09\/ADASTRA-FEAT.-MATIJA-DEDIC-ZRNO-MALO-MASTERING.00_00_50_10.Still005-1.jpg?resize=768%2C432&amp;ssl=1 768w, https:\/\/i0.wp.com\/www.adastra.com.hr\/wp-content\/uploads\/2020\/09\/ADASTRA-FEAT.-MATIJA-DEDIC-ZRNO-MALO-MASTERING.00_00_50_10.Still005-1.jpg?resize=1536%2C864&amp;ssl=1 1536w, https:\/\/i0.wp.com\/www.adastra.com.hr\/wp-content\/uploads\/2020\/09\/ADASTRA-FEAT.-MATIJA-DEDIC-ZRNO-MALO-MASTERING.00_00_50_10.Still005-1.jpg?resize=990%2C556&amp;ssl=1 990w, https:\/\/i0.wp.com\/www.adastra.com.hr\/wp-content\/uploads\/2020\/09\/ADASTRA-FEAT.-MATIJA-DEDIC-ZRNO-MALO-MASTERING.00_00_50_10.Still005-1.jpg?resize=1920%2C1080&amp;ssl=1 1920w, https:\/\/i0.wp.com\/www.adastra.com.hr\/wp-content\/uploads\/2020\/09\/ADASTRA-FEAT.-MATIJA-DEDIC-ZRNO-MALO-MASTERING.00_00_50_10.Still005-1.jpg?w=1840&amp;ssl=1 1840w\" sizes=\"auto, (max-width: 920px) 100vw, 920px\" \/><\/figure><\/li><li class=\"blocks-gallery-item\"><figure><img alt=\"\" loading=\"lazy\" decoding=\"async\" width=\"2000\" height=\"1125\" data-attachment-id=\"471\" data-permalink=\"https:\/\/www.adastra.com.hr\/index.php\/2020\/09\/12\/adastra-i-matija-dedic-u-novoj-pjesmi-zrno-malo\/adastra-feat-matija-dedic-zrno-malo-mastering-00_01_58_06-still004\/\" data-orig-file=\"https:\/\/i0.wp.com\/www.adastra.com.hr\/wp-content\/uploads\/2020\/09\/ADASTRA-FEAT.-MATIJA-DEDIC-ZRNO-MALO-MASTERING.00_01_58_06.Still004.jpg?fit=2000%2C1125&amp;ssl=1\" data-orig-size=\"2000,1125\" data-comments-opened=\"1\" data-image-meta=\"{&quot;aperture&quot;:&quot;0&quot;,&quot;credit&quot;:&quot;&quot;,&quot;camera&quot;:&quot;&quot;,&quot;caption&quot;:&quot;&quot;,&quot;created_timestamp&quot;:&quot;0&quot;,&quot;copyright&quot;:&quot;&quot;,&quot;focal_length&quot;:&quot;0&quot;,&quot;iso&quot;:&quot;0&quot;,&quot;shutter_speed&quot;:&quot;0&quot;,&quot;title&quot;:&quot;&quot;,&quot;orientation&quot;:&quot;1&quot;}\" data-image-title=\"ADASTRA-FEAT.-MATIJA-DEDIC-ZRNO-MALO-MASTERING.00_01_58_06.Still004\" data-image-description=\"\" data-image-caption=\"\" data-large-file=\"https:\/\/i0.wp.com\/www.adastra.com.hr\/wp-content\/uploads\/2020\/09\/ADASTRA-FEAT.-MATIJA-DEDIC-ZRNO-MALO-MASTERING.00_01_58_06.Still004.jpg?fit=920%2C518&amp;ssl=1\" src=\"https:\/\/i0.wp.com\/www.adastra.com.hr\/wp-content\/uploads\/2020\/09\/ADASTRA-FEAT.-MATIJA-DEDIC-ZRNO-MALO-MASTERING.00_01_58_06.Still004.jpg?fit=920%2C518\" alt=\"\" data-id=\"471\" data-full-url=\"https:\/\/i0.wp.com\/www.adastra.com.hr\/wp-content\/uploads\/2020\/09\/ADASTRA-FEAT.-MATIJA-DEDIC-ZRNO-MALO-MASTERING.00_01_58_06.Still004.jpg?fit=2000%2C1125\" data-link=\"https:\/\/www.adastra.com.hr\/?attachment_id=471\" class=\"wp-image-471\" srcset=\"https:\/\/i0.wp.com\/www.adastra.com.hr\/wp-content\/uploads\/2020\/09\/ADASTRA-FEAT.-MATIJA-DEDIC-ZRNO-MALO-MASTERING.00_01_58_06.Still004.jpg?w=2000&amp;ssl=1 2000w, https:\/\/i0.wp.com\/www.adastra.com.hr\/wp-content\/uploads\/2020\/09\/ADASTRA-FEAT.-MATIJA-DEDIC-ZRNO-MALO-MASTERING.00_01_58_06.Still004.jpg?resize=300%2C169&amp;ssl=1 300w, https:\/\/i0.wp.com\/www.adastra.com.hr\/wp-content\/uploads\/2020\/09\/ADASTRA-FEAT.-MATIJA-DEDIC-ZRNO-MALO-MASTERING.00_01_58_06.Still004.jpg?resize=1024%2C576&amp;ssl=1 1024w, https:\/\/i0.wp.com\/www.adastra.com.hr\/wp-content\/uploads\/2020\/09\/ADASTRA-FEAT.-MATIJA-DEDIC-ZRNO-MALO-MASTERING.00_01_58_06.Still004.jpg?resize=768%2C432&amp;ssl=1 768w, https:\/\/i0.wp.com\/www.adastra.com.hr\/wp-content\/uploads\/2020\/09\/ADASTRA-FEAT.-MATIJA-DEDIC-ZRNO-MALO-MASTERING.00_01_58_06.Still004.jpg?resize=1536%2C864&amp;ssl=1 1536w, https:\/\/i0.wp.com\/www.adastra.com.hr\/wp-content\/uploads\/2020\/09\/ADASTRA-FEAT.-MATIJA-DEDIC-ZRNO-MALO-MASTERING.00_01_58_06.Still004.jpg?resize=990%2C556&amp;ssl=1 990w, https:\/\/i0.wp.com\/www.adastra.com.hr\/wp-content\/uploads\/2020\/09\/ADASTRA-FEAT.-MATIJA-DEDIC-ZRNO-MALO-MASTERING.00_01_58_06.Still004.jpg?resize=1920%2C1080&amp;ssl=1 1920w, https:\/\/i0.wp.com\/www.adastra.com.hr\/wp-content\/uploads\/2020\/09\/ADASTRA-FEAT.-MATIJA-DEDIC-ZRNO-MALO-MASTERING.00_01_58_06.Still004.jpg?w=1840&amp;ssl=1 1840w\" sizes=\"auto, (max-width: 920px) 100vw, 920px\" \/><\/figure><\/li><\/ul><\/figure>\n\n\n\n<p class=\"wp-block-paragraph\"><\/p>\n","protected":false},"excerpt":{"rendered":"<p>Sino\u0107 je Adastra objavila novu pjesmu i spot Zrno malo u suradnji s Matijom Dedi\u0107em. Stihove pjesme napisao je poznati hrvatski pjesnik \u017deljko Krznari\u0107 koji ka\u017ee: \u201cPjesma je nastala iz<\/p>\n<p class=\"more-link\"><a href=\"https:\/\/www.adastra.com.hr\/index.php\/2020\/09\/12\/adastra-i-matija-dedic-u-novoj-pjesmi-zrno-malo\/\" class=\"readmore\">Nastavi \u010ditati<span class=\"screen-reader-text\">Adastra i Matija Dedi\u0107 u novoj pjesmi Zrno malo<\/span><\/a><\/p>\n","protected":false},"author":2,"featured_media":474,"comment_status":"open","ping_status":"open","sticky":false,"template":"","format":"standard","meta":{"_seopress_titles_title":"","_seopress_titles_desc":"","_seopress_robots_index":"","_seopress_robots_follow":"","_seopress_robots_imageindex":"","_seopress_robots_snippet":"","_seopress_robots_primary_cat":"","_seopress_robots_breadcrumbs":"","_seopress_robots_freeze_modified_date":"","_seopress_robots_custom_modified_date":"","_seopress_robots_canonical":"","_seopress_social_fb_title":"","_seopress_social_fb_desc":"","_seopress_social_fb_img":"","_seopress_social_fb_img_attachment_id":0,"_seopress_social_fb_img_width":0,"_seopress_social_fb_img_height":0,"_seopress_social_twitter_title":"","_seopress_social_twitter_desc":"","_seopress_social_twitter_img":"","_seopress_social_twitter_img_attachment_id":0,"_seopress_social_twitter_img_width":0,"_seopress_social_twitter_img_height":0,"_seopress_redirections_value":"","_seopress_redirections_enabled":"","_seopress_redirections_enabled_regex":"","_seopress_redirections_logged_status":"","_seopress_redirections_param":"","_seopress_redirections_type":0,"_seopress_analysis_target_kw":"","ngg_post_thumbnail":0,"_jetpack_newsletter_access":"","_jetpack_dont_email_post_to_subs":false,"_jetpack_newsletter_tier_id":0,"_jetpack_memberships_contains_paywalled_content":false,"_jetpack_feature_clip_id":0,"_jetpack_memberships_contains_paid_content":false,"footnotes":"","jetpack_publicize_message":"","jetpack_publicize_feature_enabled":true,"jetpack_social_post_already_shared":true,"jetpack_social_options":{"image_generator_settings":{"template":"highway","default_image_id":0,"font":"","enabled":false},"version":2},"jetpack_post_was_ever_published":false},"categories":[1],"tags":[],"class_list":["post-469","post","type-post","status-publish","format-standard","has-post-thumbnail","hentry","category-nekategorizirano"],"jetpack_publicize_connections":[],"jetpack_sharing_enabled":true,"jetpack_shortlink":"https:\/\/wp.me\/paoOG0-7z","jetpack-related-posts":[{"id":608,"url":"https:\/\/www.adastra.com.hr\/index.php\/2021\/09\/23\/adastra-objavila-video-spot-tanki-zid-protiv-nasilja-nad-zenama\/","url_meta":{"origin":469,"position":0},"title":"Adastra objavila video spot \u00a0&#8220;Tanki zid&#8221; protiv nasilja nad \u017eenama","author":"zvuksvjetlosti","date":"23. rujna 2021.","format":false,"excerpt":"https:\/\/youtu.be\/MdxsFBqC_Vg #tankizid #adastra Grupa Adastra je objavila novi video spot \"Tanki zid\", anga\u017eiranu pjesmu s kojom \u017eeli podi\u0107i svijest\u00a0o rastu\u0107em broju kaznenih djela nasilja nad \u017eenama. Posve\u0107en je svim \u017eenama \u017ervama nasilja. U Hrvatskoj je u 2020. godini u kaznenim djelima nasilja u obitelji ili me\u0111u bliskim ukupno stradalo 5.960\u2026","rel":"","context":"U &quot;Nekategorizirano&quot;","block_context":{"text":"Nekategorizirano","link":"https:\/\/www.adastra.com.hr\/index.php\/nekategorizirano\/"},"img":{"alt_text":"","src":"https:\/\/i0.wp.com\/www.adastra.com.hr\/wp-content\/uploads\/2021\/09\/UHD.00_00_40_03840.Still005-scaled.jpg?fit=1200%2C514&ssl=1&resize=350%2C200","width":350,"height":200,"srcset":"https:\/\/i0.wp.com\/www.adastra.com.hr\/wp-content\/uploads\/2021\/09\/UHD.00_00_40_03840.Still005-scaled.jpg?fit=1200%2C514&ssl=1&resize=350%2C200 1x, https:\/\/i0.wp.com\/www.adastra.com.hr\/wp-content\/uploads\/2021\/09\/UHD.00_00_40_03840.Still005-scaled.jpg?fit=1200%2C514&ssl=1&resize=525%2C300 1.5x, https:\/\/i0.wp.com\/www.adastra.com.hr\/wp-content\/uploads\/2021\/09\/UHD.00_00_40_03840.Still005-scaled.jpg?fit=1200%2C514&ssl=1&resize=700%2C400 2x, https:\/\/i0.wp.com\/www.adastra.com.hr\/wp-content\/uploads\/2021\/09\/UHD.00_00_40_03840.Still005-scaled.jpg?fit=1200%2C514&ssl=1&resize=1050%2C600 3x"},"classes":[]},{"id":270,"url":"https:\/\/www.adastra.com.hr\/index.php\/2019\/04\/29\/270\/","url_meta":{"origin":469,"position":1},"title":"Adastra snimila novu pjesmu\/spot s Nikom Antolos","author":"zvuksvjetlosti","date":"29. travnja 2019.","format":false,"excerpt":"\u00a0 Klikni na link:\u00a0https:\/\/youtu.be\/gaYodDK61Bc Grupa Adastra\u00a0snimila je\u00a0novu pjesmu i video spot\u00a0pod nazivom\u00a0\"Posljedni dah\". Spot je sniman u malom sun\u010danome\u00a0gradi\u0107u Pirovcu, u njegovim tajnovitim ulicama te na pirova\u010dkoj obali i u okolici. Spot je isprepleten prekrasnim jadranskim pejza\u017eima i detaljima obale i dalmatinskih skrivenih gradi\u0107a koji uvijek iznova fasciniraju.\u00a0Autor pjesme i\u2026","rel":"","context":"U &quot;Nekategorizirano&quot;","block_context":{"text":"Nekategorizirano","link":"https:\/\/www.adastra.com.hr\/index.php\/nekategorizirano\/"},"img":{"alt_text":"","src":"https:\/\/i0.wp.com\/www.adastra.com.hr\/wp-content\/uploads\/2019\/04\/ADASTRA-NIKA-za-newsletter.jpg?resize=350%2C200","width":350,"height":200,"srcset":"https:\/\/i0.wp.com\/www.adastra.com.hr\/wp-content\/uploads\/2019\/04\/ADASTRA-NIKA-za-newsletter.jpg?resize=350%2C200 1x, https:\/\/i0.wp.com\/www.adastra.com.hr\/wp-content\/uploads\/2019\/04\/ADASTRA-NIKA-za-newsletter.jpg?resize=525%2C300 1.5x, https:\/\/i0.wp.com\/www.adastra.com.hr\/wp-content\/uploads\/2019\/04\/ADASTRA-NIKA-za-newsletter.jpg?resize=700%2C400 2x, https:\/\/i0.wp.com\/www.adastra.com.hr\/wp-content\/uploads\/2019\/04\/ADASTRA-NIKA-za-newsletter.jpg?resize=1050%2C600 3x"},"classes":[]},{"id":214,"url":"https:\/\/www.adastra.com.hr\/index.php\/2018\/09\/14\/novi-spot-adastra-kamo-da-krenem-akusticna-verzija\/","url_meta":{"origin":469,"position":2},"title":"Novi spot: Adastra &#8211; Kamo da krenem (Akusti\u010dna verzija)","author":"zvuksvjetlosti","date":"14. rujna 2018.","format":false,"excerpt":"Kamo da krenem (acousti\u010dna verzija) Samo rijetki znaju na pravom mjestu tra\u017eiti Samo rijetki znaju dalje od sebe vidjeti... Adastra je nedavno objavila novi singl, akusti\u010dnu obradu pjesme \u201eKamo da krenem\u201c s cijenjenog albuma \u201eSurovi grade\u201c iz 2011. godine, a \u010diji je\u00a0aran\u017eman, stihove, glazbu i produkciju radio frontmen Jeronim Mari\u0107.\u2026","rel":"","context":"U &quot;Nekategorizirano&quot;","block_context":{"text":"Nekategorizirano","link":"https:\/\/www.adastra.com.hr\/index.php\/nekategorizirano\/"},"img":{"alt_text":"","src":"https:\/\/i0.wp.com\/www.adastra.com.hr\/wp-content\/uploads\/2018\/09\/ADASTRA-NOVO.png?resize=350%2C200","width":350,"height":200,"srcset":"https:\/\/i0.wp.com\/www.adastra.com.hr\/wp-content\/uploads\/2018\/09\/ADASTRA-NOVO.png?resize=350%2C200 1x, https:\/\/i0.wp.com\/www.adastra.com.hr\/wp-content\/uploads\/2018\/09\/ADASTRA-NOVO.png?resize=525%2C300 1.5x, https:\/\/i0.wp.com\/www.adastra.com.hr\/wp-content\/uploads\/2018\/09\/ADASTRA-NOVO.png?resize=700%2C400 2x"},"classes":[]},{"id":22,"url":"https:\/\/www.adastra.com.hr\/index.php\/2018\/02\/05\/adastra\/","url_meta":{"origin":469,"position":3},"title":"Adastra snimila novi spot za pjesmu Predajem se","author":"zvuksvjetlosti","date":"5. velja\u010de 2018.","format":false,"excerpt":"Pjesma \u201cPredajem se\u201d je nastala je na otoku Iloviku. Tekst je inspiriran \u017eivotnom pri\u010dom \u010dovjeka koji misli da je pro\u0161ao kroz te\u0161ke vrtloge \u017eivota. Pjesma je tvrda, rokerska i ljubavna. Jeronim Mari\u0107 je producent, autor i re\u017eiser pjesme i spota. Adastra je za snimanje spota\u00a0 organizirala audiciju ljubavnih parova. Od\u2026","rel":"","context":"U &quot;Nekategorizirano&quot;","block_context":{"text":"Nekategorizirano","link":"https:\/\/www.adastra.com.hr\/index.php\/nekategorizirano\/"},"img":{"alt_text":"","src":"https:\/\/i0.wp.com\/img.youtube.com\/vi\/Cu8GYUFYeWg\/0.jpg?resize=350%2C200","width":350,"height":200},"classes":[]},{"id":520,"url":"https:\/\/www.adastra.com.hr\/index.php\/2020\/11\/26\/bozicna-pjesma-adastre-bozic-je-stigao\/","url_meta":{"origin":469,"position":4},"title":"Bo\u017ei\u0107na pjesma Adastre &#8211; Bo\u017ei\u0107 je stigao","author":"zvuksvjetlosti","date":"26. studenoga 2020.","format":false,"excerpt":"Klikni na sliku za pregled video spota https:\/\/youtu.be\/131K0jFDlHY Grupa Adastra premijerno predstavlja svoju prvu bo\u017ei\u0107nu pjesmu Bo\u017ei\u0107 je stigao. Spot za pjesmu je snimljen u prekrasnom Gorskom Kotaru, u Op\u0107ini Mrkopalj, u rustikalnoj kolibi \u0160ume pjevaju. U spotu i pjesmi se po prvi put pojavljuje i mlada pjeva\u010dica Vlatka Kladari\u0107,\u2026","rel":"","context":"U &quot;Nekategorizirano&quot;","block_context":{"text":"Nekategorizirano","link":"https:\/\/www.adastra.com.hr\/index.php\/nekategorizirano\/"},"img":{"alt_text":"","src":"https:\/\/i0.wp.com\/www.adastra.com.hr\/wp-content\/uploads\/2020\/11\/BJS-EDIT.00_03_46.520.Still002_1-3.jpg?fit=1200%2C675&ssl=1&resize=350%2C200","width":350,"height":200,"srcset":"https:\/\/i0.wp.com\/www.adastra.com.hr\/wp-content\/uploads\/2020\/11\/BJS-EDIT.00_03_46.520.Still002_1-3.jpg?fit=1200%2C675&ssl=1&resize=350%2C200 1x, https:\/\/i0.wp.com\/www.adastra.com.hr\/wp-content\/uploads\/2020\/11\/BJS-EDIT.00_03_46.520.Still002_1-3.jpg?fit=1200%2C675&ssl=1&resize=525%2C300 1.5x, https:\/\/i0.wp.com\/www.adastra.com.hr\/wp-content\/uploads\/2020\/11\/BJS-EDIT.00_03_46.520.Still002_1-3.jpg?fit=1200%2C675&ssl=1&resize=700%2C400 2x, https:\/\/i0.wp.com\/www.adastra.com.hr\/wp-content\/uploads\/2020\/11\/BJS-EDIT.00_03_46.520.Still002_1-3.jpg?fit=1200%2C675&ssl=1&resize=1050%2C600 3x"},"classes":[]},{"id":333,"url":"https:\/\/www.adastra.com.hr\/index.php\/2019\/10\/09\/adastra-i-nika-snimili-novu-pjesmu-i-spot-u-gradu-koji-tece\/","url_meta":{"origin":469,"position":5},"title":"Adastra i Nika snimili novu pjesmu i spot u gradu koji tece","author":"zvuksvjetlosti","date":"9. listopada 2019.","format":false,"excerpt":"Klikni na sliku za poveznicu na spot! Jeronim Mari\u0107 iz grupe Adastra i\u00a0Nika\u00a0Antolos\u00a0snimili su jo\u0161 jedan duet. Pjesma\u00a0\u201cTi si moja sre\u0107a\u201d\u00a0, \u010diji tekst i glazbu potpisuje Jeronim, ve\u0107 je sada na\u0161la svoj put do srca slu\u0161atelja. Pjesmu ne vole gurati u granice obja\u0161njenja, jer svako uho i srce druk\u010dije vide\u2026","rel":"","context":"U &quot;Nekategorizirano&quot;","block_context":{"text":"Nekategorizirano","link":"https:\/\/www.adastra.com.hr\/index.php\/nekategorizirano\/"},"img":{"alt_text":"cropped-DJI_0178.jpg","src":"https:\/\/i0.wp.com\/www.adastra.com.hr\/wp-content\/uploads\/2019\/10\/cropped-DJI_0178.jpg?resize=350%2C200&ssl=1","width":350,"height":200,"srcset":"https:\/\/i0.wp.com\/www.adastra.com.hr\/wp-content\/uploads\/2019\/10\/cropped-DJI_0178.jpg?resize=350%2C200&ssl=1 1x, https:\/\/i0.wp.com\/www.adastra.com.hr\/wp-content\/uploads\/2019\/10\/cropped-DJI_0178.jpg?resize=525%2C300&ssl=1 1.5x, https:\/\/i0.wp.com\/www.adastra.com.hr\/wp-content\/uploads\/2019\/10\/cropped-DJI_0178.jpg?resize=700%2C400&ssl=1 2x, https:\/\/i0.wp.com\/www.adastra.com.hr\/wp-content\/uploads\/2019\/10\/cropped-DJI_0178.jpg?resize=1050%2C600&ssl=1 3x, https:\/\/i0.wp.com\/www.adastra.com.hr\/wp-content\/uploads\/2019\/10\/cropped-DJI_0178.jpg?resize=1400%2C800&ssl=1 4x"},"classes":[]}],"jetpack_featured_media_url":"https:\/\/i0.wp.com\/www.adastra.com.hr\/wp-content\/uploads\/2020\/09\/ADASTRA-FEAT.-MATIJA-DEDIC-ZRNO-MALO-MASTERING.00_00_50_10.Still005-2.jpg?fit=2000%2C1125&ssl=1","_links":{"self":[{"href":"https:\/\/www.adastra.com.hr\/index.php\/wp-json\/wp\/v2\/posts\/469","targetHints":{"allow":["GET"]}}],"collection":[{"href":"https:\/\/www.adastra.com.hr\/index.php\/wp-json\/wp\/v2\/posts"}],"about":[{"href":"https:\/\/www.adastra.com.hr\/index.php\/wp-json\/wp\/v2\/types\/post"}],"author":[{"embeddable":true,"href":"https:\/\/www.adastra.com.hr\/index.php\/wp-json\/wp\/v2\/users\/2"}],"replies":[{"embeddable":true,"href":"https:\/\/www.adastra.com.hr\/index.php\/wp-json\/wp\/v2\/comments?post=469"}],"version-history":[{"count":1,"href":"https:\/\/www.adastra.com.hr\/index.php\/wp-json\/wp\/v2\/posts\/469\/revisions"}],"predecessor-version":[{"id":472,"href":"https:\/\/www.adastra.com.hr\/index.php\/wp-json\/wp\/v2\/posts\/469\/revisions\/472"}],"wp:featuredmedia":[{"embeddable":true,"href":"https:\/\/www.adastra.com.hr\/index.php\/wp-json\/wp\/v2\/media\/474"}],"wp:attachment":[{"href":"https:\/\/www.adastra.com.hr\/index.php\/wp-json\/wp\/v2\/media?parent=469"}],"wp:term":[{"taxonomy":"category","embeddable":true,"href":"https:\/\/www.adastra.com.hr\/index.php\/wp-json\/wp\/v2\/categories?post=469"},{"taxonomy":"post_tag","embeddable":true,"href":"https:\/\/www.adastra.com.hr\/index.php\/wp-json\/wp\/v2\/tags?post=469"}],"curies":[{"name":"wp","href":"https:\/\/api.w.org\/{rel}","templated":true}]}}