{"id":520,"date":"2020-11-26T14:02:28","date_gmt":"2020-11-26T13:02:28","guid":{"rendered":"http:\/\/www.adastra.com.hr\/?p=520"},"modified":"2020-11-26T22:21:49","modified_gmt":"2020-11-26T21:21:49","slug":"bozicna-pjesma-adastre-bozic-je-stigao","status":"publish","type":"post","link":"https:\/\/www.adastra.com.hr\/index.php\/2020\/11\/26\/bozicna-pjesma-adastre-bozic-je-stigao\/","title":{"rendered":"Bo\u017ei\u0107na pjesma Adastre &#8211; Bo\u017ei\u0107 je stigao"},"content":{"rendered":"\n<figure class=\"wp-block-image size-large\"><a href=\"https:\/\/youtu.be\/131K0jFDlHY\"><img alt=\"\" loading=\"lazy\" decoding=\"async\" width=\"1920\" height=\"1080\" data-attachment-id=\"527\" data-permalink=\"https:\/\/www.adastra.com.hr\/index.php\/2020\/11\/26\/bozicna-pjesma-adastre-bozic-je-stigao\/bjs-edit-00_03_46-520-still002_1-3\/\" data-orig-file=\"https:\/\/i0.wp.com\/www.adastra.com.hr\/wp-content\/uploads\/2020\/11\/BJS-EDIT.00_03_46.520.Still002_1-3.jpg?fit=1920%2C1080&amp;ssl=1\" data-orig-size=\"1920,1080\" data-comments-opened=\"1\" data-image-meta=\"{&quot;aperture&quot;:&quot;0&quot;,&quot;credit&quot;:&quot;&quot;,&quot;camera&quot;:&quot;&quot;,&quot;caption&quot;:&quot;&quot;,&quot;created_timestamp&quot;:&quot;0&quot;,&quot;copyright&quot;:&quot;&quot;,&quot;focal_length&quot;:&quot;0&quot;,&quot;iso&quot;:&quot;0&quot;,&quot;shutter_speed&quot;:&quot;0&quot;,&quot;title&quot;:&quot;&quot;,&quot;orientation&quot;:&quot;1&quot;}\" data-image-title=\"BJS-EDIT.00_03_46.520.Still002_1-3\" data-image-description=\"\" data-image-caption=\"\" data-large-file=\"https:\/\/i0.wp.com\/www.adastra.com.hr\/wp-content\/uploads\/2020\/11\/BJS-EDIT.00_03_46.520.Still002_1-3.jpg?fit=920%2C518&amp;ssl=1\" src=\"https:\/\/i2.wp.com\/www.adastra.com.hr\/wp-content\/uploads\/2020\/11\/BJS-EDIT.00_03_46.520.Still002_1-3.jpg?fit=920%2C518\" alt=\"\" class=\"wp-image-527\" srcset=\"https:\/\/i0.wp.com\/www.adastra.com.hr\/wp-content\/uploads\/2020\/11\/BJS-EDIT.00_03_46.520.Still002_1-3.jpg?w=1920&amp;ssl=1 1920w, https:\/\/i0.wp.com\/www.adastra.com.hr\/wp-content\/uploads\/2020\/11\/BJS-EDIT.00_03_46.520.Still002_1-3.jpg?resize=300%2C169&amp;ssl=1 300w, https:\/\/i0.wp.com\/www.adastra.com.hr\/wp-content\/uploads\/2020\/11\/BJS-EDIT.00_03_46.520.Still002_1-3.jpg?resize=1024%2C576&amp;ssl=1 1024w, https:\/\/i0.wp.com\/www.adastra.com.hr\/wp-content\/uploads\/2020\/11\/BJS-EDIT.00_03_46.520.Still002_1-3.jpg?resize=768%2C432&amp;ssl=1 768w, https:\/\/i0.wp.com\/www.adastra.com.hr\/wp-content\/uploads\/2020\/11\/BJS-EDIT.00_03_46.520.Still002_1-3.jpg?resize=1536%2C864&amp;ssl=1 1536w, https:\/\/i0.wp.com\/www.adastra.com.hr\/wp-content\/uploads\/2020\/11\/BJS-EDIT.00_03_46.520.Still002_1-3.jpg?resize=990%2C556&amp;ssl=1 990w, https:\/\/i0.wp.com\/www.adastra.com.hr\/wp-content\/uploads\/2020\/11\/BJS-EDIT.00_03_46.520.Still002_1-3.jpg?w=1840&amp;ssl=1 1840w\" sizes=\"auto, (max-width: 920px) 100vw, 920px\" \/><\/a><figcaption>Klikni na sliku za pregled video spota <a href=\"https:\/\/youtu.be\/131K0jFDlHY\">https:\/\/youtu.be\/131K0jFDlHY<\/a><\/figcaption><\/figure>\n\n\n\n<p class=\"wp-block-paragraph\">Grupa Adastra premijerno predstavlja svoju prvu bo\u017ei\u0107nu pjesmu Bo\u017ei\u0107 je stigao. Spot za pjesmu je snimljen u prekrasnom Gorskom Kotaru, u Op\u0107ini Mrkopalj, u rustikalnoj kolibi \u0160ume pjevaju. U spotu i pjesmi se po prvi put pojavljuje i mlada pjeva\u010dica Vlatka Kladari\u0107, koja u zadnje vrijeme nastupa i snima s grupom Adastra. Violinu i gajde je odsvirao na\u0161 glazbeni virtuoz Marko First, multi-instrumentalist Ansambla Lado. Pjesmu je napisao i spot re\u017eirao pjeva\u010d Adastre Jeronim Mari\u0107 koji ka\u017ee: Uvijek sam ma\u0161tao o slavljenju Bo\u017ei\u0107a negdje u kolibi usred \u0161ume sa svojim najmilijima, mislim da mnogi dijele sa mnom taj san i da \u0107e to prepoznati u spotu. \u010cini mi se da nam svima sada treba malo topline i mira, a Bo\u017ei\u0107 je upravo to. Grupa Adastra zahvaljuje svima koji su pomogli u kreiranju ovog spota te im \u017eeli sretan i miran Bo\u017ei\u0107 i nadolaze\u0107e blagdane. Naravno, sretan Bo\u017ei\u0107 i svim fanovima!<br>LINK YOUTUBE SPOTA: <a rel=\"noreferrer noopener\" href=\"https:\/\/www.youtube.com\/watch?v=131K0jFDlHY\" target=\"_blank\">https:\/\/www.youtube.com\/watch?v=131K0jFDlHY<\/a> Glazba, stihovi, aran\u017eman, glazbena produkcija, vokal, gitare, re\u017eija, monta\u017ea: Jeronim Szabolcs Mari\u0107, Alom Studios Zagreb, klavijature i bas gitara: Armando Filipi, bubnjevi: Ivan Pu\u017e, \u017eenski vokal: Vlatka Kladari\u0107, kamermanka: Ana Lon\u010dari\u0107. Audio i video produkcija: <a rel=\"noreferrer noopener\" href=\"https:\/\/www.youtube.com\/redirect?q=https%3A%2F%2Fwww.facebook.com%2Falomstudioshr%2F&amp;event=video_description&amp;v=131K0jFDlHY&amp;redir_token=QUFFLUhqbk1iUjNZZWRjOFV6ZTlBcUNMSVJqa1NvY2cyQXxBQ3Jtc0trT0NwMzE1MEJid09SRklGb0otbldEbF9Gd3Fhb1AwZXRRbmJuMzhuLTZ1SDBEYy1wMDQ1bUl1dWVDUVEwbmI0d0VEazNFSzVQQ2pGQW9jbV9zaWJwZElDdG1qZE9uUDNjOEc1Yy1hVHVjX0hlSHlfVQ%3D%3D\" target=\"_blank\">https:\/\/www.facebook.com\/alomstudioshr\/<\/a> Adastra zahvaljuje sponzorima: Op\u0107ina Mrkopalj <a rel=\"noreferrer noopener\" href=\"https:\/\/www.youtube.com\/redirect?q=https%3A%2F%2Fmrkopalj.hr%2F&amp;event=video_description&amp;v=131K0jFDlHY&amp;redir_token=QUFFLUhqbk5JNVBmMU9CQUZDLWFKcDJXRHJPM01Ed0t3QXxBQ3Jtc0tuMW1za2xrMHlxWE5ZVWwzcHQ3RHJ4OEhHNG9CYzR6aE9kQldENHJ3cVRaUzVKcWxtTUFmOFNMSVprNjJKc0xia1ZEdWNUSHlNQmVoRDNUeHc5OVdXYXI0dUxVYUsySktHUE5Eb2pLMndWVnRqVkZGQQ%3D%3D\" target=\"_blank\">https:\/\/mrkopalj.hr\/<\/a> Koliba i apartman \u0160ume pjevaju: <a rel=\"noreferrer noopener\" href=\"https:\/\/www.youtube.com\/redirect?q=https%3A%2F%2Fwww.facebook.com%2Fpeople%2F%25C5%25A0ume-Pjevaju%2F100004241779352&amp;event=video_description&amp;v=131K0jFDlHY&amp;redir_token=QUFFLUhqbXk2a2p4M2dVMHVBakRUeW4yRFBLVmIyc0pOUXxBQ3Jtc0tuRnlYUlVic29oQnB2bnRkSjZjUXU4STVYanYtZmRROU1qckEtd0doOE1Vd2JFX0QtemFORGZGOFYyYndOUEFJLXBCZ0RISDFzcG1GRmk3dzJad1NfTzUxX0J2WWdpVU1oQi0zNHA0ZG5EV05jVUVWOA%3D%3D\" target=\"_blank\">https:\/\/www.facebook.com\/people\/%C5%A&#8230;<\/a> Izdava\u010d i copyright Croatia Records 2020. <a rel=\"noreferrer noopener\" href=\"https:\/\/www.youtube.com\/redirect?q=https%3A%2F%2Fcrorec.net%2F&amp;event=video_description&amp;v=131K0jFDlHY&amp;redir_token=QUFFLUhqbkVtaHR0dkYzNWwyNUhUMGxnNjFJZEF0TTNod3xBQ3Jtc0trTUppZ0xnQTZOYWxaUV9CYlhqLUJWZmE1bkdZckw4U3pPbmtkTmxrMGh6ZmN3SC05VGhZSGlfZVlLSHM1ME8taFdYLW1vN29SS0ZTVEJ5ckQ0Umxja09MOS1KclBtVmJFNXRqX2ZWQ3llcXZ2WGtiYw%3D%3D\" target=\"_blank\">https:\/\/crorec.net\/<\/a><\/p>\n\n\n\n<p class=\"wp-block-paragraph\"><\/p>\n","protected":false},"excerpt":{"rendered":"<p>Grupa Adastra premijerno predstavlja svoju prvu bo\u017ei\u0107nu pjesmu Bo\u017ei\u0107 je stigao. Spot za pjesmu je snimljen u prekrasnom Gorskom Kotaru, u Op\u0107ini Mrkopalj, u rustikalnoj kolibi \u0160ume pjevaju. U spotu<\/p>\n<p class=\"more-link\"><a href=\"https:\/\/www.adastra.com.hr\/index.php\/2020\/11\/26\/bozicna-pjesma-adastre-bozic-je-stigao\/\" class=\"readmore\">Nastavi \u010ditati<span class=\"screen-reader-text\">Bo\u017ei\u0107na pjesma Adastre &#8211; Bo\u017ei\u0107 je stigao<\/span><\/a><\/p>\n","protected":false},"author":2,"featured_media":527,"comment_status":"open","ping_status":"open","sticky":false,"template":"","format":"standard","meta":{"_seopress_titles_title":"","_seopress_titles_desc":"","_seopress_robots_index":"","_seopress_robots_follow":"","_seopress_robots_imageindex":"","_seopress_robots_snippet":"","_seopress_robots_primary_cat":"","_seopress_robots_breadcrumbs":"","_seopress_robots_freeze_modified_date":"","_seopress_robots_custom_modified_date":"","_seopress_robots_canonical":"","_seopress_social_fb_title":"","_seopress_social_fb_desc":"","_seopress_social_fb_img":"","_seopress_social_fb_img_attachment_id":0,"_seopress_social_fb_img_width":0,"_seopress_social_fb_img_height":0,"_seopress_social_twitter_title":"","_seopress_social_twitter_desc":"","_seopress_social_twitter_img":"","_seopress_social_twitter_img_attachment_id":0,"_seopress_social_twitter_img_width":0,"_seopress_social_twitter_img_height":0,"_seopress_redirections_value":"","_seopress_redirections_enabled":"","_seopress_redirections_enabled_regex":"","_seopress_redirections_logged_status":"","_seopress_redirections_param":"","_seopress_redirections_type":0,"_seopress_analysis_target_kw":"","ngg_post_thumbnail":0,"_jetpack_newsletter_access":"","_jetpack_dont_email_post_to_subs":false,"_jetpack_newsletter_tier_id":0,"_jetpack_memberships_contains_paywalled_content":false,"_jetpack_feature_clip_id":0,"_jetpack_memberships_contains_paid_content":false,"footnotes":"","jetpack_publicize_message":"","jetpack_publicize_feature_enabled":true,"jetpack_social_post_already_shared":true,"jetpack_social_options":{"image_generator_settings":{"template":"highway","default_image_id":0,"font":"","enabled":false},"version":2},"jetpack_post_was_ever_published":false},"categories":[1],"tags":[],"class_list":["post-520","post","type-post","status-publish","format-standard","has-post-thumbnail","hentry","category-nekategorizirano"],"jetpack_publicize_connections":[],"jetpack_sharing_enabled":true,"jetpack_shortlink":"https:\/\/wp.me\/paoOG0-8o","jetpack-related-posts":[{"id":270,"url":"https:\/\/www.adastra.com.hr\/index.php\/2019\/04\/29\/270\/","url_meta":{"origin":520,"position":0},"title":"Adastra snimila novu pjesmu\/spot s Nikom Antolos","author":"zvuksvjetlosti","date":"29. travnja 2019.","format":false,"excerpt":"\u00a0 Klikni na link:\u00a0https:\/\/youtu.be\/gaYodDK61Bc Grupa Adastra\u00a0snimila je\u00a0novu pjesmu i video spot\u00a0pod nazivom\u00a0\"Posljedni dah\". Spot je sniman u malom sun\u010danome\u00a0gradi\u0107u Pirovcu, u njegovim tajnovitim ulicama te na pirova\u010dkoj obali i u okolici. Spot je isprepleten prekrasnim jadranskim pejza\u017eima i detaljima obale i dalmatinskih skrivenih gradi\u0107a koji uvijek iznova fasciniraju.\u00a0Autor pjesme i\u2026","rel":"","context":"U &quot;Nekategorizirano&quot;","block_context":{"text":"Nekategorizirano","link":"https:\/\/www.adastra.com.hr\/index.php\/nekategorizirano\/"},"img":{"alt_text":"","src":"https:\/\/i0.wp.com\/www.adastra.com.hr\/wp-content\/uploads\/2019\/04\/ADASTRA-NIKA-za-newsletter.jpg?resize=350%2C200","width":350,"height":200,"srcset":"https:\/\/i0.wp.com\/www.adastra.com.hr\/wp-content\/uploads\/2019\/04\/ADASTRA-NIKA-za-newsletter.jpg?resize=350%2C200 1x, https:\/\/i0.wp.com\/www.adastra.com.hr\/wp-content\/uploads\/2019\/04\/ADASTRA-NIKA-za-newsletter.jpg?resize=525%2C300 1.5x, https:\/\/i0.wp.com\/www.adastra.com.hr\/wp-content\/uploads\/2019\/04\/ADASTRA-NIKA-za-newsletter.jpg?resize=700%2C400 2x, https:\/\/i0.wp.com\/www.adastra.com.hr\/wp-content\/uploads\/2019\/04\/ADASTRA-NIKA-za-newsletter.jpg?resize=1050%2C600 3x"},"classes":[]},{"id":355,"url":"https:\/\/www.adastra.com.hr\/index.php\/2020\/03\/16\/grupa-adastra-predstavlja-novu-pjesmu-i-spot-jos-u-sve-vjerujem\/","url_meta":{"origin":520,"position":1},"title":"Grupa Adastra predstavlja novu pjesmu i spot Jo\u0161 u sve vjerujem","author":"zvuksvjetlosti","date":"16. o\u017eujka 2020.","format":false,"excerpt":"Grupa Adastra\u00a0upravo je objavila svoj novi singl i spot\u00a0Jo\u0161 u sve vjerujem. Pjesma je nastala\u00a0prvom autorskom suradnjom\u00a0velikog hrvatskog hitmejkera\u00a0\u017deljka Krznari\u0107a\u00a0i autora, pjeva\u010da Adastre,\u00a0Jeronima Mari\u0107a.\u017deljko Krznari\u0107\u00a0je autor velikih hitova kao \u0161to su\u00a0Nek\u2019 ti bude ljubav sva\u00a0i\u00a0Nek\u2019 te zagrli netko sretniji\u00a0(Tony Cetinski),\u00a0Uzalud vam trud svira\u010di\u00a0(Prljavo kazali\u0161te) i brojnih drugih hitova.\"Da bi pjesma\u2026","rel":"","context":"U &quot;Nekategorizirano&quot;","block_context":{"text":"Nekategorizirano","link":"https:\/\/www.adastra.com.hr\/index.php\/nekategorizirano\/"},"img":{"alt_text":"","src":"","width":0,"height":0},"classes":[]},{"id":214,"url":"https:\/\/www.adastra.com.hr\/index.php\/2018\/09\/14\/novi-spot-adastra-kamo-da-krenem-akusticna-verzija\/","url_meta":{"origin":520,"position":2},"title":"Novi spot: Adastra &#8211; Kamo da krenem (Akusti\u010dna verzija)","author":"zvuksvjetlosti","date":"14. rujna 2018.","format":false,"excerpt":"Kamo da krenem (acousti\u010dna verzija) Samo rijetki znaju na pravom mjestu tra\u017eiti Samo rijetki znaju dalje od sebe vidjeti... Adastra je nedavno objavila novi singl, akusti\u010dnu obradu pjesme \u201eKamo da krenem\u201c s cijenjenog albuma \u201eSurovi grade\u201c iz 2011. godine, a \u010diji je\u00a0aran\u017eman, stihove, glazbu i produkciju radio frontmen Jeronim Mari\u0107.\u2026","rel":"","context":"U &quot;Nekategorizirano&quot;","block_context":{"text":"Nekategorizirano","link":"https:\/\/www.adastra.com.hr\/index.php\/nekategorizirano\/"},"img":{"alt_text":"","src":"https:\/\/i0.wp.com\/www.adastra.com.hr\/wp-content\/uploads\/2018\/09\/ADASTRA-NOVO.png?resize=350%2C200","width":350,"height":200,"srcset":"https:\/\/i0.wp.com\/www.adastra.com.hr\/wp-content\/uploads\/2018\/09\/ADASTRA-NOVO.png?resize=350%2C200 1x, https:\/\/i0.wp.com\/www.adastra.com.hr\/wp-content\/uploads\/2018\/09\/ADASTRA-NOVO.png?resize=525%2C300 1.5x, https:\/\/i0.wp.com\/www.adastra.com.hr\/wp-content\/uploads\/2018\/09\/ADASTRA-NOVO.png?resize=700%2C400 2x"},"classes":[]},{"id":645,"url":"https:\/\/www.adastra.com.hr\/index.php\/2023\/01\/26\/vratolomije-s-gitarom-u-novom-spotu-adastre-nisam-zaljubljen\/","url_meta":{"origin":520,"position":3},"title":"Vratolomije s gitarom u novom spotu Adastre &#8220;Nisam zaljubljen&#8221;","author":"zvuksvjetlosti","date":"26. sije\u010dnja 2023.","format":false,"excerpt":"Lagano se primi\u010de zavr\u0161etak snimanja novog albuma grupe Adastra, a najnovija pjesma i spot koji su snimili je \u201cNisam zaljubljen\u201d.Zasigurno do sada niste vidjeli gitaristu neke grupe koji leti na zip line-u iznad provalije i svira gitaru, no ako vas zanima kako to izgleda pogledajte novi spot Adastre. Jerko Mari\u0107,\u2026","rel":"","context":"U &quot;Nekategorizirano&quot;","block_context":{"text":"Nekategorizirano","link":"https:\/\/www.adastra.com.hr\/index.php\/nekategorizirano\/"},"img":{"alt_text":"","src":"https:\/\/i0.wp.com\/www.adastra.com.hr\/wp-content\/uploads\/2023\/01\/ADASTRA-NISAM-ZALJUBLJEN-THUMB.jpg?fit=1080%2C608&ssl=1&resize=350%2C200","width":350,"height":200,"srcset":"https:\/\/i0.wp.com\/www.adastra.com.hr\/wp-content\/uploads\/2023\/01\/ADASTRA-NISAM-ZALJUBLJEN-THUMB.jpg?fit=1080%2C608&ssl=1&resize=350%2C200 1x, https:\/\/i0.wp.com\/www.adastra.com.hr\/wp-content\/uploads\/2023\/01\/ADASTRA-NISAM-ZALJUBLJEN-THUMB.jpg?fit=1080%2C608&ssl=1&resize=525%2C300 1.5x, https:\/\/i0.wp.com\/www.adastra.com.hr\/wp-content\/uploads\/2023\/01\/ADASTRA-NISAM-ZALJUBLJEN-THUMB.jpg?fit=1080%2C608&ssl=1&resize=700%2C400 2x, https:\/\/i0.wp.com\/www.adastra.com.hr\/wp-content\/uploads\/2023\/01\/ADASTRA-NISAM-ZALJUBLJEN-THUMB.jpg?fit=1080%2C608&ssl=1&resize=1050%2C600 3x"},"classes":[]},{"id":199,"url":"https:\/\/www.adastra.com.hr\/index.php\/2018\/08\/17\/adastra-i-gosti-snimili-novi-single\/","url_meta":{"origin":520,"position":4},"title":"Adastra i gosti snimili novi single","author":"zvuksvjetlosti","date":"17. kolovoza 2018.","format":false,"excerpt":"Novi single grupe Adastra je snimljen. Radi se o akusti\u010dnoj baladi u koju je Jeronim ulo\u017eio velik trud, aran\u017eiraju\u0107i i produciraju\u0107i je te ka\u017ee: \"u\u017eivao sam rade\u0107i ju, posebno vokalne dionice koje sam snimio, u ovoj pjesmi gitare su sporedne, dao sam vi\u0161e prostora za vrhunske glazbenike koji su gostovali\u2026","rel":"","context":"U &quot;Nekategorizirano&quot;","block_context":{"text":"Nekategorizirano","link":"https:\/\/www.adastra.com.hr\/index.php\/nekategorizirano\/"},"img":{"alt_text":"","src":"https:\/\/i0.wp.com\/www.adastra.com.hr\/wp-content\/uploads\/2018\/08\/IMG_9265-300x300.jpg?resize=350%2C200","width":350,"height":200,"srcset":"https:\/\/i0.wp.com\/www.adastra.com.hr\/wp-content\/uploads\/2018\/08\/IMG_9265-300x300.jpg?resize=350%2C200 1x, https:\/\/i0.wp.com\/www.adastra.com.hr\/wp-content\/uploads\/2018\/08\/IMG_9265-300x300.jpg?resize=525%2C300 1.5x, https:\/\/i0.wp.com\/www.adastra.com.hr\/wp-content\/uploads\/2018\/08\/IMG_9265-300x300.jpg?resize=700%2C400 2x"},"classes":[]},{"id":364,"url":"https:\/\/www.adastra.com.hr\/index.php\/2020\/04\/04\/adastra-s-lutkom-cupsijem-iz-izolacije-porucuje-nikuda-ne-idi\/","url_meta":{"origin":520,"position":5},"title":"Adastra s lutkom \u010cupsijem iz izolacije poru\u010duje &#8211; &#8220;Nikuda ne idi&#8221;","author":"zvuksvjetlosti","date":"4. travnja 2020.","format":false,"excerpt":"U vrijeme aktualne epidemiolo\u0161ke situacije u cijelom svijetu glazbenici iz samoizolacije glazbom \u0161ire pozitivu, ali oda\u0161ilju i sna\u017ene poruke koji svi trebamo \u010duti. \"Glazbenici autori uvijek su oslu\u0161kivali i promatrali stvarnost koja ih okru\u017euje. Svi \u017eelimo doprinijeti na\u0161em dru\u0161tvu kako znamo i umijemo, a jedini na\u010din na koji na\u0161a grupa\u2026","rel":"","context":"U &quot;Nekategorizirano&quot;","block_context":{"text":"Nekategorizirano","link":"https:\/\/www.adastra.com.hr\/index.php\/nekategorizirano\/"},"img":{"alt_text":"","src":"https:\/\/i0.wp.com\/img.youtube.com\/vi\/C4uwnYaQiU8\/0.jpg?resize=350%2C200","width":350,"height":200},"classes":[]}],"jetpack_featured_media_url":"https:\/\/i0.wp.com\/www.adastra.com.hr\/wp-content\/uploads\/2020\/11\/BJS-EDIT.00_03_46.520.Still002_1-3.jpg?fit=1920%2C1080&ssl=1","_links":{"self":[{"href":"https:\/\/www.adastra.com.hr\/index.php\/wp-json\/wp\/v2\/posts\/520","targetHints":{"allow":["GET"]}}],"collection":[{"href":"https:\/\/www.adastra.com.hr\/index.php\/wp-json\/wp\/v2\/posts"}],"about":[{"href":"https:\/\/www.adastra.com.hr\/index.php\/wp-json\/wp\/v2\/types\/post"}],"author":[{"embeddable":true,"href":"https:\/\/www.adastra.com.hr\/index.php\/wp-json\/wp\/v2\/users\/2"}],"replies":[{"embeddable":true,"href":"https:\/\/www.adastra.com.hr\/index.php\/wp-json\/wp\/v2\/comments?post=520"}],"version-history":[{"count":7,"href":"https:\/\/www.adastra.com.hr\/index.php\/wp-json\/wp\/v2\/posts\/520\/revisions"}],"predecessor-version":[{"id":535,"href":"https:\/\/www.adastra.com.hr\/index.php\/wp-json\/wp\/v2\/posts\/520\/revisions\/535"}],"wp:featuredmedia":[{"embeddable":true,"href":"https:\/\/www.adastra.com.hr\/index.php\/wp-json\/wp\/v2\/media\/527"}],"wp:attachment":[{"href":"https:\/\/www.adastra.com.hr\/index.php\/wp-json\/wp\/v2\/media?parent=520"}],"wp:term":[{"taxonomy":"category","embeddable":true,"href":"https:\/\/www.adastra.com.hr\/index.php\/wp-json\/wp\/v2\/categories?post=520"},{"taxonomy":"post_tag","embeddable":true,"href":"https:\/\/www.adastra.com.hr\/index.php\/wp-json\/wp\/v2\/tags?post=520"}],"curies":[{"name":"wp","href":"https:\/\/api.w.org\/{rel}","templated":true}]}}