{"id":858,"date":"2026-04-01T23:30:24","date_gmt":"2026-04-01T21:30:24","guid":{"rendered":"https:\/\/www.adastra.com.hr\/?p=858"},"modified":"2026-04-02T00:05:41","modified_gmt":"2026-04-01T22:05:41","slug":"nova-pjesma-i-spot-neka-upala-na-zagrebacki-festival-2026","status":"publish","type":"post","link":"https:\/\/www.adastra.com.hr\/index.php\/2026\/04\/01\/nova-pjesma-i-spot-neka-upala-na-zagrebacki-festival-2026\/","title":{"rendered":"Nova pjesma i spot &#8220;Neka&#8221; upala na Zagreba\u010dki festival 2026."},"content":{"rendered":"\n<p class=\"wp-block-paragraph\">Pozitivna, sna\u017ena i brza rock pjesma\u00a0<strong><em>Neka\u00a0<\/em><\/strong>donosi duboko osobno svjedo\u010danstvo frontmena<strong>\u00a0Jerka Mari\u0107a<\/strong>. Inspirirana uskrsnu\u0107em Isusa Krista i njegovim osobnim duhovnim iskustvom, pjesma slavi odluku da se Isusa slijedi &#8211;\u00a0energi\u010dno, nepokolebljivo i bez obzira na osude, nerazumijevanje ili etiketu &#8216;ludosti&#8217; koju okolina mo\u017ee dodijeliti. <strong>Jerko Mari\u0107 o pjesmi ka\u017ee:<\/strong><em>&#8220;&#8216;Neka&#8217;\u00a0je moj glasni i \u010dvrsti &#8216;da&#8217; Isusu usred svjetovne buke i prolaznog sjaja.\u00a0Neka\u00a0mi cijeli svijet sudi,\u00a0neka\u00a0me proglase ludim &#8211; Njega se odre\u0107i ne\u0107u.&#8221;<\/em><\/p>\n\n\n\n<figure class=\"wp-block-embed is-type-video is-provider-youtube wp-block-embed-youtube wp-embed-aspect-16-9 wp-has-aspect-ratio\"><div class=\"wp-block-embed__wrapper\">\n<span class=\"embed-youtube\" style=\"text-align:center; display: block;\"><iframe loading=\"lazy\" class=\"youtube-player\" width=\"920\" height=\"518\" src=\"https:\/\/www.youtube.com\/embed\/nhRxErfV0ww?version=3&#038;rel=1&#038;showsearch=0&#038;showinfo=1&#038;iv_load_policy=1&#038;fs=1&#038;hl=hr&#038;autohide=2&#038;wmode=transparent\" allowfullscreen=\"true\" style=\"border:0;\" sandbox=\"allow-scripts allow-same-origin allow-popups allow-presentation allow-popups-to-escape-sandbox\"><\/iframe><\/span>\n<\/div><\/figure>\n\n\n\n<p class=\"wp-block-paragraph\"><\/p>\n\n\n\n<p class=\"wp-block-paragraph\">Adastra&nbsp;se nakon du\u017ee pauze vra\u0107a na veliku pozornicu Zagreba\u010dkog festivala, gdje su prije nekoliko godina ostavili neizbrisiv trag spektakularnim nastupom &#8211;&nbsp;frontmen Jerko Mari\u0107 razbio je gitaru na sceni, \u0161to je izazvalo lavinu reakcija i postalo jedan od najupe\u010datljivijih trenutaka festivala, a i Adastre.<\/p>\n\n\n\n<p class=\"wp-block-paragraph\">Sada \u0107e premijerno izvesti pjesmu&nbsp;<em>Neka&nbsp;<\/em>u\u017eivo na Zagreba\u010dkom festivalu, a&nbsp;mjesec dana kasnije odr\u017eat \u0107e povodom svog 20. ro\u0111endana, veliki samostalni koncert 21. svibnja 2026. u zagreba\u010dkom klubu Boogaloo. Vi\u0161e informacija i ulaznice dostupne su na&nbsp;<a href=\"https:\/\/crorec.us18.list-manage.com\/track\/click?u=ec976eea3dccd077a2bdec7d8&amp;id=0347cd2541&amp;e=c9890d1f03\" target=\"_blank\" rel=\"noreferrer noopener\">entio.hr<\/a>.<\/p>\n","protected":false},"excerpt":{"rendered":"<p>Pozitivna, sna\u017ena i brza rock pjesma\u00a0Neka\u00a0donosi duboko osobno svjedo\u010danstvo frontmena\u00a0Jerka Mari\u0107a. Inspirirana uskrsnu\u0107em Isusa Krista i njegovim osobnim duhovnim iskustvom, pjesma slavi odluku da se Isusa slijedi &#8211;\u00a0energi\u010dno, nepokolebljivo i<\/p>\n<p class=\"more-link\"><a href=\"https:\/\/www.adastra.com.hr\/index.php\/2026\/04\/01\/nova-pjesma-i-spot-neka-upala-na-zagrebacki-festival-2026\/\" class=\"readmore\">Nastavi \u010ditati<span class=\"screen-reader-text\">Nova pjesma i spot &#8220;Neka&#8221; upala na Zagreba\u010dki festival 2026.<\/span><\/a><\/p>\n","protected":false},"author":2,"featured_media":863,"comment_status":"open","ping_status":"open","sticky":false,"template":"","format":"standard","meta":{"_seopress_titles_title":"","_seopress_titles_desc":"","_seopress_robots_index":"","_seopress_robots_follow":"","_seopress_robots_imageindex":"","_seopress_robots_snippet":"","_seopress_robots_primary_cat":"","_seopress_robots_breadcrumbs":"","_seopress_robots_freeze_modified_date":"","_seopress_robots_custom_modified_date":"","_seopress_robots_canonical":"","_seopress_social_fb_title":"","_seopress_social_fb_desc":"","_seopress_social_fb_img":"","_seopress_social_fb_img_attachment_id":0,"_seopress_social_fb_img_width":0,"_seopress_social_fb_img_height":0,"_seopress_social_twitter_title":"","_seopress_social_twitter_desc":"","_seopress_social_twitter_img":"","_seopress_social_twitter_img_attachment_id":0,"_seopress_social_twitter_img_width":0,"_seopress_social_twitter_img_height":0,"_seopress_redirections_value":"","_seopress_redirections_enabled":"","_seopress_redirections_enabled_regex":"","_seopress_redirections_logged_status":"","_seopress_redirections_param":"","_seopress_redirections_type":0,"_seopress_analysis_target_kw":"","ngg_post_thumbnail":0,"_jetpack_newsletter_access":"","_jetpack_dont_email_post_to_subs":false,"_jetpack_newsletter_tier_id":0,"_jetpack_memberships_contains_paywalled_content":false,"_jetpack_feature_clip_id":0,"_jetpack_memberships_contains_paid_content":false,"footnotes":"","jetpack_publicize_message":"","jetpack_publicize_feature_enabled":true,"jetpack_social_post_already_shared":true,"jetpack_social_options":{"image_generator_settings":{"template":"highway","default_image_id":0,"font":"","enabled":false},"version":2},"jetpack_post_was_ever_published":false},"categories":[1],"tags":[],"class_list":["post-858","post","type-post","status-publish","format-standard","has-post-thumbnail","hentry","category-nekategorizirano"],"jetpack_publicize_connections":[],"jetpack_sharing_enabled":true,"jetpack_shortlink":"https:\/\/wp.me\/paoOG0-dQ","jetpack-related-posts":[{"id":205,"url":"https:\/\/www.adastra.com.hr\/index.php\/2018\/09\/04\/poslusajte-pjesma-died-in-your-arms-tonight-grupe-cutting-crew-u-obradi-jeronima\/","url_meta":{"origin":858,"position":0},"title":"Poslu\u0161ajte! Pjesma &#8220;Died In Your Arms Tonight&#8221; grupe Cutting Crew u obradi Jeronima","author":"zvuksvjetlosti","date":"4. rujna 2018.","format":false,"excerpt":"Poslu\u0161ajte obradu pjesme\u00a0\"Died In Your Arms Tonight\" grupe Cutting Crew u obradi Jeronima. napi\u0161ite kako vam se svi\u0111a i jeste li za to da Adastra snimi obradu cijele pjesme? Usput, na instagramu na\u0161a obrada ve\u0107 ima vi\u0161e tisu\u0107a pregleda.","rel":"","context":"U &quot;Nekategorizirano&quot;","block_context":{"text":"Nekategorizirano","link":"https:\/\/www.adastra.com.hr\/index.php\/nekategorizirano\/"},"img":{"alt_text":"","src":"","width":0,"height":0},"classes":[]},{"id":694,"url":"https:\/\/www.adastra.com.hr\/index.php\/2023\/10\/10\/novi-album-adastre-tajni-prolaz-na-svim-streaming-servisima\/","url_meta":{"origin":858,"position":1},"title":"Novi album Adastre &#8220;Tajni prolaz&#8221; na svim streaming servisima!","author":"zvuksvjetlosti","date":"10. listopada 2023.","format":false,"excerpt":"Po\u010detkom studenog 2023. o\u010dekujemo i CD izdanje albuma Tajni prolaz","rel":"","context":"U &quot;Nekategorizirano&quot;","block_context":{"text":"Nekategorizirano","link":"https:\/\/www.adastra.com.hr\/index.php\/nekategorizirano\/"},"img":{"alt_text":"","src":"https:\/\/i0.wp.com\/www.adastra.com.hr\/wp-content\/uploads\/2023\/10\/1200x630bb.jpg?fit=630%2C630&ssl=1&resize=350%2C200","width":350,"height":200,"srcset":"https:\/\/i0.wp.com\/www.adastra.com.hr\/wp-content\/uploads\/2023\/10\/1200x630bb.jpg?fit=630%2C630&ssl=1&resize=350%2C200 1x, https:\/\/i0.wp.com\/www.adastra.com.hr\/wp-content\/uploads\/2023\/10\/1200x630bb.jpg?fit=630%2C630&ssl=1&resize=525%2C300 1.5x"},"classes":[]},{"id":22,"url":"https:\/\/www.adastra.com.hr\/index.php\/2018\/02\/05\/adastra\/","url_meta":{"origin":858,"position":2},"title":"Adastra snimila novi spot za pjesmu Predajem se","author":"zvuksvjetlosti","date":"5. velja\u010de 2018.","format":false,"excerpt":"Pjesma \u201cPredajem se\u201d je nastala je na otoku Iloviku. Tekst je inspiriran \u017eivotnom pri\u010dom \u010dovjeka koji misli da je pro\u0161ao kroz te\u0161ke vrtloge \u017eivota. Pjesma je tvrda, rokerska i ljubavna. Jeronim Mari\u0107 je producent, autor i re\u017eiser pjesme i spota. Adastra je za snimanje spota\u00a0 organizirala audiciju ljubavnih parova. Od\u2026","rel":"","context":"U &quot;Nekategorizirano&quot;","block_context":{"text":"Nekategorizirano","link":"https:\/\/www.adastra.com.hr\/index.php\/nekategorizirano\/"},"img":{"alt_text":"","src":"https:\/\/i0.wp.com\/img.youtube.com\/vi\/Cu8GYUFYeWg\/0.jpg?resize=350%2C200","width":350,"height":200},"classes":[]},{"id":469,"url":"https:\/\/www.adastra.com.hr\/index.php\/2020\/09\/12\/adastra-i-matija-dedic-u-novoj-pjesmi-zrno-malo\/","url_meta":{"origin":858,"position":3},"title":"Adastra i Matija Dedi\u0107 u novoj pjesmi Zrno malo","author":"zvuksvjetlosti","date":"12. rujna 2020.","format":false,"excerpt":"https:\/\/www.youtube.com\/watch?v=XB_gDs3zBfQ Sino\u0107 je Adastra objavila novu pjesmu i spot Zrno malo u suradnji s Matijom Dedi\u0107em. Stihove pjesme napisao je poznati hrvatski pjesnik \u017deljko Krznari\u0107 koji ka\u017ee: \u201cPjesma je nastala iz \u010distog mira dok je Bog posipao rije\u010di po meni, a ja sam ih kasnije samo malo oblikovao\u201d. Autor glazbe\u2026","rel":"","context":"U &quot;Nekategorizirano&quot;","block_context":{"text":"Nekategorizirano","link":"https:\/\/www.adastra.com.hr\/index.php\/nekategorizirano\/"},"img":{"alt_text":"","src":"https:\/\/i0.wp.com\/www.adastra.com.hr\/wp-content\/uploads\/2020\/09\/ADASTRA-FEAT.-MATIJA-DEDIC-ZRNO-MALO-MASTERING.00_00_50_10.Still005-2.jpg?fit=1200%2C675&ssl=1&resize=350%2C200","width":350,"height":200,"srcset":"https:\/\/i0.wp.com\/www.adastra.com.hr\/wp-content\/uploads\/2020\/09\/ADASTRA-FEAT.-MATIJA-DEDIC-ZRNO-MALO-MASTERING.00_00_50_10.Still005-2.jpg?fit=1200%2C675&ssl=1&resize=350%2C200 1x, https:\/\/i0.wp.com\/www.adastra.com.hr\/wp-content\/uploads\/2020\/09\/ADASTRA-FEAT.-MATIJA-DEDIC-ZRNO-MALO-MASTERING.00_00_50_10.Still005-2.jpg?fit=1200%2C675&ssl=1&resize=525%2C300 1.5x, https:\/\/i0.wp.com\/www.adastra.com.hr\/wp-content\/uploads\/2020\/09\/ADASTRA-FEAT.-MATIJA-DEDIC-ZRNO-MALO-MASTERING.00_00_50_10.Still005-2.jpg?fit=1200%2C675&ssl=1&resize=700%2C400 2x, https:\/\/i0.wp.com\/www.adastra.com.hr\/wp-content\/uploads\/2020\/09\/ADASTRA-FEAT.-MATIJA-DEDIC-ZRNO-MALO-MASTERING.00_00_50_10.Still005-2.jpg?fit=1200%2C675&ssl=1&resize=1050%2C600 3x"},"classes":[]},{"id":520,"url":"https:\/\/www.adastra.com.hr\/index.php\/2020\/11\/26\/bozicna-pjesma-adastre-bozic-je-stigao\/","url_meta":{"origin":858,"position":4},"title":"Bo\u017ei\u0107na pjesma Adastre &#8211; Bo\u017ei\u0107 je stigao","author":"zvuksvjetlosti","date":"26. studenoga 2020.","format":false,"excerpt":"Klikni na sliku za pregled video spota https:\/\/youtu.be\/131K0jFDlHY Grupa Adastra premijerno predstavlja svoju prvu bo\u017ei\u0107nu pjesmu Bo\u017ei\u0107 je stigao. Spot za pjesmu je snimljen u prekrasnom Gorskom Kotaru, u Op\u0107ini Mrkopalj, u rustikalnoj kolibi \u0160ume pjevaju. U spotu i pjesmi se po prvi put pojavljuje i mlada pjeva\u010dica Vlatka Kladari\u0107,\u2026","rel":"","context":"U &quot;Nekategorizirano&quot;","block_context":{"text":"Nekategorizirano","link":"https:\/\/www.adastra.com.hr\/index.php\/nekategorizirano\/"},"img":{"alt_text":"","src":"https:\/\/i0.wp.com\/www.adastra.com.hr\/wp-content\/uploads\/2020\/11\/BJS-EDIT.00_03_46.520.Still002_1-3.jpg?fit=1200%2C675&ssl=1&resize=350%2C200","width":350,"height":200,"srcset":"https:\/\/i0.wp.com\/www.adastra.com.hr\/wp-content\/uploads\/2020\/11\/BJS-EDIT.00_03_46.520.Still002_1-3.jpg?fit=1200%2C675&ssl=1&resize=350%2C200 1x, https:\/\/i0.wp.com\/www.adastra.com.hr\/wp-content\/uploads\/2020\/11\/BJS-EDIT.00_03_46.520.Still002_1-3.jpg?fit=1200%2C675&ssl=1&resize=525%2C300 1.5x, https:\/\/i0.wp.com\/www.adastra.com.hr\/wp-content\/uploads\/2020\/11\/BJS-EDIT.00_03_46.520.Still002_1-3.jpg?fit=1200%2C675&ssl=1&resize=700%2C400 2x, https:\/\/i0.wp.com\/www.adastra.com.hr\/wp-content\/uploads\/2020\/11\/BJS-EDIT.00_03_46.520.Still002_1-3.jpg?fit=1200%2C675&ssl=1&resize=1050%2C600 3x"},"classes":[]},{"id":364,"url":"https:\/\/www.adastra.com.hr\/index.php\/2020\/04\/04\/adastra-s-lutkom-cupsijem-iz-izolacije-porucuje-nikuda-ne-idi\/","url_meta":{"origin":858,"position":5},"title":"Adastra s lutkom \u010cupsijem iz izolacije poru\u010duje &#8211; &#8220;Nikuda ne idi&#8221;","author":"zvuksvjetlosti","date":"4. travnja 2020.","format":false,"excerpt":"U vrijeme aktualne epidemiolo\u0161ke situacije u cijelom svijetu glazbenici iz samoizolacije glazbom \u0161ire pozitivu, ali oda\u0161ilju i sna\u017ene poruke koji svi trebamo \u010duti. \"Glazbenici autori uvijek su oslu\u0161kivali i promatrali stvarnost koja ih okru\u017euje. Svi \u017eelimo doprinijeti na\u0161em dru\u0161tvu kako znamo i umijemo, a jedini na\u010din na koji na\u0161a grupa\u2026","rel":"","context":"U &quot;Nekategorizirano&quot;","block_context":{"text":"Nekategorizirano","link":"https:\/\/www.adastra.com.hr\/index.php\/nekategorizirano\/"},"img":{"alt_text":"","src":"https:\/\/i0.wp.com\/img.youtube.com\/vi\/C4uwnYaQiU8\/0.jpg?resize=350%2C200","width":350,"height":200},"classes":[]}],"jetpack_featured_media_url":"https:\/\/i0.wp.com\/www.adastra.com.hr\/wp-content\/uploads\/2026\/04\/maxresdefault.webp?fit=1280%2C720&ssl=1","_links":{"self":[{"href":"https:\/\/www.adastra.com.hr\/index.php\/wp-json\/wp\/v2\/posts\/858","targetHints":{"allow":["GET"]}}],"collection":[{"href":"https:\/\/www.adastra.com.hr\/index.php\/wp-json\/wp\/v2\/posts"}],"about":[{"href":"https:\/\/www.adastra.com.hr\/index.php\/wp-json\/wp\/v2\/types\/post"}],"author":[{"embeddable":true,"href":"https:\/\/www.adastra.com.hr\/index.php\/wp-json\/wp\/v2\/users\/2"}],"replies":[{"embeddable":true,"href":"https:\/\/www.adastra.com.hr\/index.php\/wp-json\/wp\/v2\/comments?post=858"}],"version-history":[{"count":2,"href":"https:\/\/www.adastra.com.hr\/index.php\/wp-json\/wp\/v2\/posts\/858\/revisions"}],"predecessor-version":[{"id":868,"href":"https:\/\/www.adastra.com.hr\/index.php\/wp-json\/wp\/v2\/posts\/858\/revisions\/868"}],"wp:featuredmedia":[{"embeddable":true,"href":"https:\/\/www.adastra.com.hr\/index.php\/wp-json\/wp\/v2\/media\/863"}],"wp:attachment":[{"href":"https:\/\/www.adastra.com.hr\/index.php\/wp-json\/wp\/v2\/media?parent=858"}],"wp:term":[{"taxonomy":"category","embeddable":true,"href":"https:\/\/www.adastra.com.hr\/index.php\/wp-json\/wp\/v2\/categories?post=858"},{"taxonomy":"post_tag","embeddable":true,"href":"https:\/\/www.adastra.com.hr\/index.php\/wp-json\/wp\/v2\/tags?post=858"}],"curies":[{"name":"wp","href":"https:\/\/api.w.org\/{rel}","templated":true}]}}